{"id":4194,"date":"2022-06-07T07:45:29","date_gmt":"2022-06-07T07:45:29","guid":{"rendered":"https:\/\/www.familialuiscanas.com\/web\/?p=4194"},"modified":"2022-06-07T07:45:29","modified_gmt":"2022-06-07T07:45:29","slug":"primera-promocion-vinexpert-madrid","status":"publish","type":"post","link":"https:\/\/www.familialuiscanas.com\/web\/primera-promocion-vinexpert-madrid\/","title":{"rendered":"Primera Promoci\u00f3n \u201cVINEXPERT\u201d MADRID"},"content":{"rendered":"<p>La <a href=\"https:\/\/www.camaramadrid.es\/\">C\u00e1mara de Comer<\/a>cio de Madrid ha acogido por primera vez el curso de formaci\u00f3n \u201cVINEXPERT \u2013 VIVERO DE EXPERTOS EN VINOS\u201d.<\/p>\n<p>Ideado por la Familia Luis Ca\u00f1as (Bodegas Luis Ca\u00f1as, Amaren y Dominio de Cair), este curso ya se hab\u00eda celebrado en Bilbao estos dos \u00faltimos a\u00f1os, con el objetivo, de <strong><em>ayudar a la profesionalizaci<\/em><\/strong><strong><em>\u00f3<\/em><\/strong><strong><em>n del sector de la hosteler<\/em><\/strong><strong><em>\u00eda.<\/em><\/strong><\/p>\n<p>En veintiocho horas lectivas, bajo la direcci\u00f3n de nuestro Sumiller \u00d3scar C\u00e1rdenas (WSET level\u00a0 4, Diploma) este curso de especializaci\u00f3n ha permitido a camareros, sumilleres, y encargados de destacados locales del entorno madrile\u00f1o ampliar sus conocimientos en <strong><em>viticultura, enolog<\/em><\/strong><strong><em>\u00ed<\/em><\/strong><strong><em>a, servicio del vino, gesti<\/em><\/strong><strong><em>\u00f3<\/em><\/strong><strong><em>n de bodega en restauraci<\/em><\/strong><strong><em>\u00f3<\/em><\/strong><strong><em>n, y an<\/em><\/strong><strong><em>\u00e1lisis sensorial<\/em><\/strong>.<\/p>\n<p>Desde Familia Luis Ca\u00f1as, impulsora del curso, ya se trabajaba ofreciendo en las bodegas p\u00edldoras formativas, catas tem\u00e1ticas e incentivos comerciales con programas que ayudan a divulgar la cultura vitivin\u00edcola, pero adem\u00e1s creemos firmemente que <strong>\u201c<\/strong><strong>para mantenerse competitiva y seguir ofreciendo una gastronom<\/strong><strong>\u00ed<\/strong><strong>a diversa y genuina, la hosteler<\/strong><strong>\u00ed<\/strong><strong>a debe reforzar su profesionalizaci<\/strong><strong>\u00f3n\u201d. <\/strong>Y es que el vino, la cultura y tradiciones que lo rodean, juegan tambi\u00e9n un importante papel a la hora del disfrute del comensal en las barras, y en las mesas de nuestros querido locales.<\/p>\n<p>Un punto de vista que comparte la firma de distribuci\u00f3n de vinos <a href=\"https:\/\/cavinsa.com\/\"><strong>CAVINSA<\/strong><\/a>, que lleva casi veinte a\u00f1os trabajando mano a mano con la hosteler\u00eda madrile\u00f1a.<\/p>\n<p>Destacan juntos \u00ab\u00a0la compleja situaci\u00f3n en la que se encuentra el sector hostelero, tras la pandemia, ante la falta notoria de personal cualificado\u201d. Todo ello les ha llevado a afianzar el proyecto formativo VINEXPERT y tras el \u00e9xito cosechado en Bilbao, llevarlo a Madrid.<\/p>\n<p>En esta primera edici\u00f3n del curso, <strong>han podido formarse equipos de sala y directivos de <\/strong><strong>establecimiento<\/strong><strong>s<\/strong><strong> como<\/strong><a href=\"https:\/\/www.instagram.com\/restauranteogrelo\/\"> O\u00b4GRELO<\/a>, <a href=\"https:\/\/www.restauranteorecanto.es\/\">ORECANTO<\/a>, <a href=\"https:\/\/www.instagram.com\/sushitacafe\/\">SUSHITA<\/a>, <a href=\"https:\/\/grupodanigarcia.com\/lena\/madrid\/\">LE\u00d1A<\/a>, <a href=\"https:\/\/www.instagram.com\/larentacocinabar\/\">LA RENTA<\/a>, <a href=\"https:\/\/grupocarbon.es\/\">CARB\u00d3N NEGRO<\/a>, <a href=\"https:\/\/www.zielou.com\/\">ZIELOU,<\/a><a href=\"https:\/\/www.sifonmadrid.com\/\"> TABERNA SIF\u00d3N<\/a>.<\/p>\n<p><a href=\"https:\/\/www.familialuiscanas.com\/web\/wp-content\/uploads\/2022\/06\/peg-scaled.jpeg\"><img loading=\"lazy\" class=\"alignnone size-medium wp-image-4195\" src=\"https:\/\/www.familialuiscanas.com\/web\/wp-content\/uploads\/2022\/06\/peg-300x169.jpeg\" alt=\"\" width=\"300\" height=\"169\" data-id=\"4195\" srcset=\"https:\/\/www.familialuiscanas.com\/web\/wp-content\/uploads\/2022\/06\/peg-300x169.jpeg 300w, https:\/\/www.familialuiscanas.com\/web\/wp-content\/uploads\/2022\/06\/peg-1024x576.jpeg 1024w, https:\/\/www.familialuiscanas.com\/web\/wp-content\/uploads\/2022\/06\/peg-768x432.jpeg 768w, https:\/\/www.familialuiscanas.com\/web\/wp-content\/uploads\/2022\/06\/peg-550x309.jpeg 550w, https:\/\/www.familialuiscanas.com\/web\/wp-content\/uploads\/2022\/06\/peg-1536x863.jpeg 1536w, https:\/\/www.familialuiscanas.com\/web\/wp-content\/uploads\/2022\/06\/peg-2048x1151.jpeg 2048w, https:\/\/www.familialuiscanas.com\/web\/wp-content\/uploads\/2022\/06\/peg-624x351.jpeg 624w, https:\/\/www.familialuiscanas.com\/web\/wp-content\/uploads\/2022\/06\/peg-400x225.jpeg 400w, https:\/\/www.familialuiscanas.com\/web\/wp-content\/uploads\/2022\/06\/peg-600x337.jpeg 600w\" sizes=\"(max-width: 300px) 100vw, 300px\" \/><\/a><\/p>\n<aside class=\"mashsb-container mashsb-main \"><div class=\"mashsb-box\"><div class=\"mashsb-buttons\"><a class=\"mashicon-facebook mashsb-noshadow\" href=\"https:\/\/www.facebook.com\/sharer.php?u=https%3A%2F%2Fwww.familialuiscanas.com%2Fweb%2Fprimera-promocion-vinexpert-madrid%2F\" target=\"_top\" rel=\"nofollow\"><span class=\"icon\"><\/span><span class=\"text\">Facebook<\/span><\/a><a class=\"mashicon-twitter mashsb-noshadow\" href=\"https:\/\/twitter.com\/intent\/tweet?text=&url=https:\/\/www.familialuiscanas.com\/web\/primera-promocion-vinexpert-madrid\/\" target=\"_top\" rel=\"nofollow\"><span class=\"icon\"><\/span><span class=\"text\">Twitter<\/span><\/a><div class=\"onoffswitch2 mashsb-noshadow\" style=\"display:none;\"><\/div><\/div>\n            <\/div>\n                <div style=\"clear:both;\"><\/div><div class=\"mashsb-toggle-container\"><\/div><\/aside>\n            <!-- Share buttons by mashshare.net - Version: 3.7.9-->","protected":false},"excerpt":{"rendered":"<p>La C\u00e1mara de Comercio de Madrid ha acogido por primera vez el curso de formaci\u00f3n \u201cVINEXPERT \u2013 VIVERO DE EXPERTOS EN VINOS\u201d. Ideado por la Familia Luis Ca\u00f1as (Bodegas Luis Ca\u00f1as, Amaren y Dominio de Cair), este curso ya se hab\u00eda celebrado en Bilbao estos dos \u00faltimos a\u00f1os, con el objetivo, de ayudar a la [&hellip;]<\/p>\n","protected":false},"author":31,"featured_media":4195,"comment_status":"closed","ping_status":"open","sticky":false,"template":"","format":"standard","meta":[],"categories":[10,9,15,190],"tags":[],"_links":{"self":[{"href":"https:\/\/www.familialuiscanas.com\/web\/wp-json\/wp\/v2\/posts\/4194"}],"collection":[{"href":"https:\/\/www.familialuiscanas.com\/web\/wp-json\/wp\/v2\/posts"}],"about":[{"href":"https:\/\/www.familialuiscanas.com\/web\/wp-json\/wp\/v2\/types\/post"}],"author":[{"embeddable":true,"href":"https:\/\/www.familialuiscanas.com\/web\/wp-json\/wp\/v2\/users\/31"}],"replies":[{"embeddable":true,"href":"https:\/\/www.familialuiscanas.com\/web\/wp-json\/wp\/v2\/comments?post=4194"}],"version-history":[{"count":4,"href":"https:\/\/www.familialuiscanas.com\/web\/wp-json\/wp\/v2\/posts\/4194\/revisions"}],"predecessor-version":[{"id":4203,"href":"https:\/\/www.familialuiscanas.com\/web\/wp-json\/wp\/v2\/posts\/4194\/revisions\/4203"}],"wp:featuredmedia":[{"embeddable":true,"href":"https:\/\/www.familialuiscanas.com\/web\/wp-json\/wp\/v2\/media\/4195"}],"wp:attachment":[{"href":"https:\/\/www.familialuiscanas.com\/web\/wp-json\/wp\/v2\/media?parent=4194"}],"wp:term":[{"taxonomy":"category","embeddable":true,"href":"https:\/\/www.familialuiscanas.com\/web\/wp-json\/wp\/v2\/categories?post=4194"},{"taxonomy":"post_tag","embeddable":true,"href":"https:\/\/www.familialuiscanas.com\/web\/wp-json\/wp\/v2\/tags?post=4194"}],"curies":[{"name":"wp","href":"https:\/\/api.w.org\/{rel}","templated":true}]}}